[{"@context":"https:\/\/schema.org\/","@type":"Article","@id":"https:\/\/www.peachpit.cz\/do-obyvaku-i-pracovny\/#Article","mainEntityOfPage":"https:\/\/www.peachpit.cz\/do-obyvaku-i-pracovny\/","headline":"Do ob\u00fdv\u00e1ku i pracovny","name":"Do ob\u00fdv\u00e1ku i pracovny","description":"M\u00e1te-li chu\u0165 si dom\u016f nebo do kancel\u00e1\u0159e koupit n\u011bco nov\u00e9ho, m\u011bli bystesi prohl\u00e9dnout n\u00e1\u0161 katalog kvalitn\u00edch modern\u00edch obraz\u016f. Ve v\u011bt\u0161in\u011b p\u0159\u00edpad\u016f se nejedn\u00e1 o \u017e\u00e1dn\u00e1 abstraktn\u00ed d\u00edla, ale o obrazy, kter\u00e9 vych\u00e1zej\u00ed z fotografi\u00ed. I p\u0159esto, \u017ee na\u0161e nab\u00eddka je pestr\u00e1, nab\u00edz\u00edme na\u0161im z\u00e1kazn\u00edk\u016fm mo\u017enost objednat si u n\u00e1s i obraz p\u0159\u00edmo na m\u00edru. Ekologick\u00e1 [&hellip;]","datePublished":"2025-04-06","dateModified":"2025-04-06","author":{"@type":"Person","@id":"https:\/\/www.peachpit.cz\/author\/#Person","name":"","url":"https:\/\/www.peachpit.cz\/author\/","identifier":1,"image":{"@type":"ImageObject","@id":"https:\/\/secure.gravatar.com\/avatar\/091b4d684e9af597ec9885a078917281e353fb1084ff05c94355123dbb14e899?s=96&d=mm&r=g","url":"https:\/\/secure.gravatar.com\/avatar\/091b4d684e9af597ec9885a078917281e353fb1084ff05c94355123dbb14e899?s=96&d=mm&r=g","height":96,"width":96}},"publisher":{"@type":"Organization","name":"peachpit.cz","logo":{"@type":"ImageObject","@id":"\/logo.png","url":"\/logo.png","width":600,"height":60}},"url":"https:\/\/www.peachpit.cz\/do-obyvaku-i-pracovny\/","wordCount":185,"articleBody":"M\u00e1te-li chu\u0165 si dom\u016f nebo do kancel\u00e1\u0159e koupit n\u011bco nov\u00e9ho, m\u011bli bystesi prohl\u00e9dnout n\u00e1\u0161 katalog kvalitn\u00edch modern\u00edch obraz\u016f. Ve v\u011bt\u0161in\u011b p\u0159\u00edpad\u016f se nejedn\u00e1 o \u017e\u00e1dn\u00e1 abstraktn\u00ed d\u00edla, ale o obrazy, kter\u00e9 vych\u00e1zej\u00ed z fotografi\u00ed. I p\u0159esto, \u017ee na\u0161e nab\u00eddka je pestr\u00e1, nab\u00edz\u00edme na\u0161im z\u00e1kazn\u00edk\u016fm mo\u017enost objednat si u n\u00e1s i obraz p\u0159\u00edmo na m\u00edru. Ekologick\u00e1 pl\u00e1tna U n\u00e1s najdete d\u00edla, kter\u00e9 jsou kvalitn\u00ed nejen po um\u011bleck\u00e9 str\u00e1nce, ale tak\u00e9 po str\u00e1nce technick\u00e9. Proto pou\u017e\u00edv\u00e1me pouze \u0161pi\u010dkov\u00e1 pl\u00e1tna, fotografick\u00fd pap\u00edr i barvy. Jeliko\u017e n\u00e1m nen\u00ed osud \u017eivotn\u00edho prost\u0159ed\u00ed lhostejn\u00fd, pl\u00e1tna, pap\u00edr i barvy jsou vyrobeny ekologickou cestou.Rychl\u00e9 dod\u00e1n\u00ed Objedn\u00e1te-li si obraz u n\u00e1s, m\u016f\u017eete ho m\u00edt doma ji\u017e za p\u011bt dn\u00ed od va\u0161\u00ed objedn\u00e1vky. V p\u0159\u00edpad\u011b, \u017ee se rozhodnete pro obraz na m\u00edru, budete si muset po\u010dkat o n\u011bkolik dn\u00ed d\u00e9le.                                                                                                                                                                                                                                                                                                                                                                                                "},{"@context":"https:\/\/schema.org\/","@type":"BreadcrumbList","itemListElement":[{"@type":"ListItem","position":1,"name":"Do ob\u00fdv\u00e1ku i pracovny","item":"https:\/\/www.peachpit.cz\/do-obyvaku-i-pracovny\/#breadcrumbitem"}]}]