[{"@context":"https:\/\/schema.org\/","@type":"Article","@id":"https:\/\/www.peachpit.cz\/firemni-setkani-ve-vranove-nad-dyji\/#Article","mainEntityOfPage":"https:\/\/www.peachpit.cz\/firemni-setkani-ve-vranove-nad-dyji\/","headline":"Firemn\u00ed setk\u00e1n\u00ed ve Vranov\u011b nad Dyj\u00ed","name":"Firemn\u00ed setk\u00e1n\u00ed ve Vranov\u011b nad Dyj\u00ed","description":"Kdybych m\u011bl zorganizovat firemn\u00ed akci, kter\u00e1 by m\u011bla podpo\u0159it lep\u0161\u00ed mezilidsk\u00e9 vztahy mezi jednotliv\u00fdmi zam\u011bstnanci, sna\u017eil bych se odcestovat co nejd\u00e1l od velk\u00fdch m\u011bst do m\u00edst, kde je n\u00edzk\u00e1 hustota zalidn\u011bn\u00ed. Vyb\u00edral bych pro oslavu prost\u0159ed\u00ed s malebnou p\u0159\u00edrodou a dostate\u010dn\u00fdm klidem, kde by bylo mo\u017en\u00e9 l\u00e9pe relaxovat a sn\u00e1ze komunikovat mezi lidmi, kte\u0159\u00ed nejsou [&hellip;]","datePublished":"2026-02-16","dateModified":"2026-02-16","author":{"@type":"Person","@id":"https:\/\/www.peachpit.cz\/author\/#Person","name":"","url":"https:\/\/www.peachpit.cz\/author\/","identifier":1,"image":{"@type":"ImageObject","@id":"https:\/\/secure.gravatar.com\/avatar\/091b4d684e9af597ec9885a078917281e353fb1084ff05c94355123dbb14e899?s=96&d=mm&r=g","url":"https:\/\/secure.gravatar.com\/avatar\/091b4d684e9af597ec9885a078917281e353fb1084ff05c94355123dbb14e899?s=96&d=mm&r=g","height":96,"width":96}},"publisher":{"@type":"Organization","name":"peachpit.cz","logo":{"@type":"ImageObject","@id":"\/logo.png","url":"\/logo.png","width":600,"height":60}},"image":{"@type":"ImageObject","@id":"https:\/\/www.peachpit.cz\/wp-content\/uploads\/nature-3520727_640_10.jpg","url":"https:\/\/www.peachpit.cz\/wp-content\/uploads\/nature-3520727_640_10.jpg","height":0,"width":0},"url":"https:\/\/www.peachpit.cz\/firemni-setkani-ve-vranove-nad-dyji\/","about":["Spole\u010dnosti"],"wordCount":434,"articleBody":"       Kdybych m\u011bl zorganizovat firemn\u00ed akci, kter\u00e1 by m\u011bla podpo\u0159it lep\u0161\u00ed mezilidsk\u00e9 vztahy mezi jednotliv\u00fdmi zam\u011bstnanci, sna\u017eil bych se odcestovat co nejd\u00e1l od velk\u00fdch m\u011bst do m\u00edst, kde je n\u00edzk\u00e1 hustota zalidn\u011bn\u00ed. Vyb\u00edral bych pro oslavu prost\u0159ed\u00ed s malebnou p\u0159\u00edrodou a dostate\u010dn\u00fdm klidem, kde by bylo mo\u017en\u00e9 l\u00e9pe relaxovat a sn\u00e1ze komunikovat mezi lidmi, kte\u0159\u00ed nejsou zasa\u017eeni stresem, ale jsou naopak vyrovnan\u00ed a spokojen\u00ed. Chcete-li zlep\u0161it mezilidsk\u00e9 vztahy ve firm\u011b i ve spole\u010dnosti, mus\u00edte db\u00e1t o to, aby se tu ka\u017ed\u00fd c\u00edtil p\u0159\u00edjemn\u011b a nem\u011bl pocit, \u017ee je tu t\u00edm \u201ep\u00e1t\u00fdm kolem od vozu\u201c.Jedn\u00edm z kandid\u00e1t\u016f na firemn\u00ed akci by byl i Vranov nad Dyj\u00ed. Nach\u00e1z\u00ed se zde n\u00e1dhern\u00fd barokn\u00ed z\u00e1mek, ve kter\u00e9m se nat\u00e1\u010dela nap\u0159\u00edklad poh\u00e1dka \u201eNesmrteln\u00e1 teta\u201c. Z\u00e1mek stoj\u00ed na skalisku nad p\u0159ehradn\u00ed hr\u00e1z\u00ed Vranovsk\u00e9 p\u0159ehrady a odtud je to tak\u00e9 jen mal\u00fd kousek k travnat\u00fdm nebo p\u00edse\u010dn\u00fdm pl\u00e1\u017e\u00edm. Kam bych ov\u0161em velice r\u00e1d nasm\u011broval pozornost, je n\u00e1rodn\u00ed park Podyj\u00ed. Je to jeden ze \u010dty\u0159 n\u00e1rodn\u00edch park\u016f v \u010cesk\u00e9 republice, rozl\u00e9h\u00e1 se pod\u00e9l \u0159eky Dyje mezi Vranovem nad Dyj\u00ed a Znojmem, p\u0159i\u010dem\u017e se z\u00e1rove\u0148 jedn\u00e1 o nejmen\u0161\u00ed n\u00e1rodn\u00ed park na na\u0161em \u00fazem\u00ed. V Podyj\u00ed je n\u00e1v\u0161t\u011bvn\u00edk\u016fm k dispozici n\u011bkolik turistick\u00fdch a cyklistick\u00fdch tras a tak\u00e9 zaj\u00edmav\u00fdch vyhl\u00eddek na \u0159\u00ed\u010dn\u00ed meandry. Toto prost\u0159ed\u00ed mi velmi p\u0159ipom\u00edn\u00e1 horn\u00ed a st\u0159edn\u00ed tok \u0159eky Berounky, nap\u0159\u00edklad na vyhl\u00eddk\u00e1ch na \u0159\u00ed\u010dn\u00ed tok od skalnat\u00e9ho \u00fatvaru nad obc\u00ed \u010civice, od z\u0159\u00edceniny hradu Kra\u0161ov nebo od Havlovy sk\u00e1ly. Pr\u00e1v\u011b tam si p\u0159ipad\u00e1m, jako \u017ee jsem na jin\u00e9 planet\u011b. Vyhl\u00eddky v Podyj\u00ed p\u0159i ubytov\u00e1n\u00ed na Vranovsk\u00e9 p\u0159ehrad\u011b mi tak\u00e9 p\u0159ipom\u00ednaj\u00ed, \u017ee bychom si m\u011bli v\u00edce v\u00e1\u017eit p\u0159\u00edrodn\u00edch kr\u00e1s a nezapom\u00ednat na to, \u017ee \u010dlov\u011bk je sou\u010d\u00e1st\u00ed p\u0159\u00edrody, nikoli jej\u00edm p\u00e1nem. M\u011bli bychom si uv\u011bdomit, \u017ee ochrana p\u0159\u00edrody nen\u00ed jen slovn\u00edm v\u00fdrazem mezi \u00fa\u0159edn\u00edky. M\u011bli bychom j\u00ed br\u00e1t v\u00e1\u017en\u011b v ka\u017edodenn\u00edm po\u010d\u00edn\u00e1n\u00ed, i kdy\u017e se zrovna v tu chv\u00edli nenach\u00e1z\u00edme v kr\u00e1sn\u00e9m prost\u0159ed\u00ed na jihu Moravy.                                                                                                                                                                                                                                                                                                                                                                                                   "},{"@context":"https:\/\/schema.org\/","@type":"BreadcrumbList","itemListElement":[{"@type":"ListItem","position":1,"name":"Firemn\u00ed setk\u00e1n\u00ed ve Vranov\u011b nad Dyj\u00ed","item":"https:\/\/www.peachpit.cz\/firemni-setkani-ve-vranove-nad-dyji\/#breadcrumbitem"}]}]