[{"@context":"https:\/\/schema.org\/","@type":"Article","@id":"https:\/\/www.peachpit.cz\/stehovani-na-sever-evropy-v-obdobi-letniho-slunovratu\/#Article","mainEntityOfPage":"https:\/\/www.peachpit.cz\/stehovani-na-sever-evropy-v-obdobi-letniho-slunovratu\/","headline":"St\u011bhov\u00e1n\u00ed na sever Evropy v obdob\u00ed letn\u00edho slunovratu","name":"St\u011bhov\u00e1n\u00ed na sever Evropy v obdob\u00ed letn\u00edho slunovratu","description":"Kdy\u017e jsem se sezn\u00e1mil s b\u00fdvalou p\u0159\u00edtelkyn\u00ed, dozv\u011bd\u011bl jsem se od n\u00ed, \u017ee jej\u00ed str\u00fdc emigroval v dob\u011b socialismu do Kanady. Usadil se na Alja\u0161ce, v oblasti Yukon territory, kde si postavil d\u0159ev\u011bn\u00fd d\u016fm na okraji p\u0159ekr\u00e1sn\u00e9ho jezera. Poda\u0159ilo se mi z\u00edskat v\u00edzum a do Kanady jsem spolu se svou p\u0159\u00edtelkyn\u00ed vycestoval p\u0159ibli\u017en\u011b v polovin\u011b [&hellip;]","datePublished":"2026-02-02","dateModified":"2026-02-02","author":{"@type":"Person","@id":"https:\/\/www.peachpit.cz\/author\/#Person","name":"","url":"https:\/\/www.peachpit.cz\/author\/","identifier":1,"image":{"@type":"ImageObject","@id":"https:\/\/secure.gravatar.com\/avatar\/091b4d684e9af597ec9885a078917281e353fb1084ff05c94355123dbb14e899?s=96&d=mm&r=g","url":"https:\/\/secure.gravatar.com\/avatar\/091b4d684e9af597ec9885a078917281e353fb1084ff05c94355123dbb14e899?s=96&d=mm&r=g","height":96,"width":96}},"publisher":{"@type":"Organization","name":"peachpit.cz","logo":{"@type":"ImageObject","@id":"\/logo.png","url":"\/logo.png","width":600,"height":60}},"image":{"@type":"ImageObject","@id":"https:\/\/www.peachpit.cz\/wp-content\/uploads\/alexas_fotos-sheep-3110010_640_4.jpg","url":"https:\/\/www.peachpit.cz\/wp-content\/uploads\/alexas_fotos-sheep-3110010_640_4.jpg","height":0,"width":0},"url":"https:\/\/www.peachpit.cz\/stehovani-na-sever-evropy-v-obdobi-letniho-slunovratu\/","about":["Spole\u010dnosti"],"wordCount":420,"articleBody":"       Kdy\u017e jsem se sezn\u00e1mil s b\u00fdvalou p\u0159\u00edtelkyn\u00ed, dozv\u011bd\u011bl jsem se od n\u00ed, \u017ee jej\u00ed str\u00fdc emigroval v dob\u011b socialismu do Kanady. Usadil se na Alja\u0161ce, v oblasti Yukon territory, kde si postavil d\u0159ev\u011bn\u00fd d\u016fm na okraji p\u0159ekr\u00e1sn\u00e9ho jezera. Poda\u0159ilo se mi z\u00edskat v\u00edzum a do Kanady jsem spolu se svou p\u0159\u00edtelkyn\u00ed vycestoval p\u0159ibli\u017en\u011b v polovin\u011b \u010dervence. Byl jsem samoz\u0159ejm\u011b zv\u011bdav na kr\u00e1su p\u0159\u00edrody, kter\u00e1 m\u011b p\u0159\u00edmo ohromila, ale z\u00e1rove\u0148 m\u011b zaj\u00edmalo, jak se projev\u00ed takzvan\u00fd pol\u00e1rn\u00ed den pr\u00e1v\u011b v t\u00e9to oblasti, kter\u00e1 se nach\u00e1zela pom\u011brn\u011b nedaleko severn\u00edho pol\u00e1rn\u00edho kruhu. Bylo to velice zvl\u00e1\u0161tn\u00ed, proto\u017ee jsme cestovali autem po tamn\u00edch velmi \u0161irok\u00fdch silnic\u00edch a\u017e dlouho do noci, p\u0159i\u010dem\u017e r\u00e1no se ji\u017e rozedn\u00edvalo velice brzy. V obdob\u00ed letn\u00edho slunovratu tam Slunce vych\u00e1z\u00ed p\u0159ibli\u017en\u011b v p\u016fl p\u00e1t\u00e9 r\u00e1no a zapad\u00e1 a\u017e kr\u00e1tce p\u0159ed p\u016flnoc\u00ed.T\u00edmto bych r\u00e1d nazna\u010dil, \u017ee podobn\u00e9 procesy se odehr\u00e1vaj\u00ed i na evropsk\u00e9m kontinentu, pochopiteln\u011b ve shodn\u00e9m stupni severn\u00ed \u0161\u00ed\u0159ky. Toho by se dalo skv\u011ble vyu\u017e\u00edt p\u0159i st\u011bhov\u00e1n\u00ed z \u010cesk\u00e9 republiky nap\u0159\u00edklad do Finska, \u0160v\u00e9dska a Norska. Jestli\u017ee se n\u011bkdo chyst\u00e1 k nejlevn\u011bj\u0161\u00edmu st\u011bhov\u00e1n\u00ed z Prahy do t\u011bchto zem\u00ed a do bl\u00edzkosti severn\u00edho pol\u00e1rn\u00edho kruhu, mohl by zorganizovat st\u011bhov\u00e1n\u00ed v dob\u011b letn\u00edho slunovratu, kdy lze vyu\u017e\u00edt dlouh\u00e9 d\u00e9lky dne k vy\u0161\u0161\u00ed bd\u011blosti a \u010dinorodosti. Za p\u0159irozen\u00e9ho denn\u00edho sv\u011btla odpad\u00e1 sv\u00edcen\u00ed um\u011bl\u00fdm sv\u011btlem a samoz\u0159ejm\u011b je tam v t\u00e9to dob\u011b tepleji v porovn\u00e1n\u00ed se zimn\u00edmi m\u011bs\u00edci, tak\u017ee se t\u00edm sn\u00ed\u017e\u00ed pravd\u011bpodobnost v\u00fdskytu sn\u011b\u017een\u00ed a n\u00e1mrazy, kter\u00e9 mohou komplikovat dopravu.Za letn\u00edho slunovratu mi p\u0159ipad\u00e1 st\u011bhov\u00e1n\u00ed docela romantick\u00e9, zvl\u00e1\u0161t\u011b pokud se odehr\u00e1v\u00e1 do n\u011bjak\u00e9 zaj\u00edmav\u00e9 p\u0159\u00edrodn\u00ed lokality mimo velk\u00e1 p\u0159elidn\u011bn\u00e1 m\u011bsta. J\u00e1 osobn\u011b velmi obdivuji seversk\u00e9 zem\u011b pro jejich p\u0159\u00edrodu a obrovsk\u00e9 plochy, kter\u00e9 nejsou tak hust\u011b os\u00eddlen\u00e9, jako je tomu u n\u00e1s. N\u00edzk\u00e1 hustota zalidn\u011bn\u00ed by mi k \u017eivotu vyhovovala a vym\u011bnil bych ji za m\u011bstsk\u00fd shon a hluk.                                                                                                                                                                                                                                                                                                                                                                                                  "},{"@context":"https:\/\/schema.org\/","@type":"BreadcrumbList","itemListElement":[{"@type":"ListItem","position":1,"name":"St\u011bhov\u00e1n\u00ed na sever Evropy v obdob\u00ed letn\u00edho slunovratu","item":"https:\/\/www.peachpit.cz\/stehovani-na-sever-evropy-v-obdobi-letniho-slunovratu\/#breadcrumbitem"}]}]